[{"@context":"https:\/\/schema.org\/","@type":"Article","@id":"https:\/\/www.jamfolk.cz\/maly-a-prakticky-domecek-jako-maly-bytecek\/#Article","mainEntityOfPage":"https:\/\/www.jamfolk.cz\/maly-a-prakticky-domecek-jako-maly-bytecek\/","headline":"Mal\u00fd a praktick\u00fd dome\u010dek jako mal\u00fd byte\u010dek","name":"Mal\u00fd a praktick\u00fd dome\u010dek jako mal\u00fd byte\u010dek","description":"Jenom\u017ee bydl\u00edte ve vlastn\u00edm. To je ta nejv\u011bt\u0161\u00ed zm\u011bna. Nemus\u00edte platit \u017e\u00e1dn\u00e9 n\u00e1jmy a m\u00e1te kr\u00e1sn\u00e9 a \u00fatuln\u00e9 bydlen\u00ed n\u011bkde na samot\u011b u lesa, na zahrad\u011b nebo...","datePublished":"2017-05-22","dateModified":"2023-05-01","author":{"@type":"Person","@id":"https:\/\/www.jamfolk.cz\/author\/#Person","name":"","url":"https:\/\/www.jamfolk.cz\/author\/","identifier":1,"image":{"@type":"ImageObject","@id":"https:\/\/secure.gravatar.com\/avatar\/82449f5dd313bdc88befc1a2d3138ce45c5e7d5eeee84221e3cf7fbc184b80d3?s=96&d=mm&r=g","url":"https:\/\/secure.gravatar.com\/avatar\/82449f5dd313bdc88befc1a2d3138ce45c5e7d5eeee84221e3cf7fbc184b80d3?s=96&d=mm&r=g","height":96,"width":96}},"publisher":{"@type":"Organization","name":"jamfolk.cz","logo":{"@type":"ImageObject","@id":"\/logo.png","url":"\/logo.png","width":600,"height":60}},"image":{"@type":"ImageObject","@id":"https:\/\/www.jamfolk.cz\/wp-content\/uploads\/img_a289701_w2057_t1501147636.jpg","url":"https:\/\/www.jamfolk.cz\/wp-content\/uploads\/img_a289701_w2057_t1501147636.jpg","height":0,"width":0},"url":"https:\/\/www.jamfolk.cz\/maly-a-prakticky-domecek-jako-maly-bytecek\/","about":["D\u016fm a byt"],"wordCount":430,"articleBody":"        Jenom\u017ee bydl\u00edte ve vlastn\u00edm. To je ta nejv\u011bt\u0161\u00ed zm\u011bna. Nemus\u00edte platit \u017e\u00e1dn\u00e9 n\u00e1jmy a m\u00e1te kr\u00e1sn\u00e9 a \u00fatuln\u00e9 bydlen\u00ed n\u011bkde na samot\u011b u lesa, na zahrad\u011b nebo vlastn\u00edm pozemku. Jen tak na vesnici \u010di ve m\u011bst\u011b. Mobiln\u00ed d\u016fm celoro\u010dn\u00ed se d\u00e1 nav\u00edc skv\u011ble vyu\u017e\u00edvat po cel\u00fd rok, tak\u017ee si nemus\u00edte d\u011blat \u017e\u00e1dn\u00e9 starosti. Jsou to budovy pevn\u00e9 a maj\u00ed vysoce kvalitn\u00ed zd\u011bn\u00ed, tak\u017ee v zim\u011b \u017e\u00e1dn\u00e9 teplo neunikne ven. Jedn\u00e1 se o n\u00edzkoenergetick\u00e9 domy, tak\u017ee jejich celoro\u010dn\u00ed u\u017e\u00edv\u00e1n\u00ed je opravdu s n\u00edzk\u00fdmi a velice p\u0159\u00edzniv\u00fdmi n\u00e1klady.1. Snadno a rychle si d\u00edky na\u0161emu sortimentu pr\u00e1v\u011b v mobilheimech za\u0159\u00edd\u00edte vlastn\u00ed bydlen\u00ed. To v\u00e1m dovezeme a\u017e na m\u00edsto va\u0161eho bydli\u0161t\u011b. Vyb\u00edrat si m\u016f\u017eete ze skladov\u00fdch z\u00e1sob ji\u017e pro v\u00e1s p\u0159ipraven\u00fdch obydl\u00ed, nebo tak\u00e9 m\u016f\u017eete vyu\u017e\u00edt mo\u017enosti nechat si d\u016fm postavit, speci\u00e1ln\u011b na kl\u00ed\u010d. U tohoto druhu je zde dokonce mo\u017enost kolaudace a tak\u00e9 mo\u017enost z\u00edsk\u00e1n\u00ed hypote\u010dn\u00edho \u00fav\u011bru, v p\u0159\u00edpad\u011b pot\u0159eby v\u011bt\u0161\u00edho obnosu pen\u011bz. M\u016f\u017eete to d\u00edky t\u011bmto mo\u017enostem rozhodn\u011b vyu\u017e\u00edt a m\u00e1te po starostech. Vlastn\u00ed bydlen\u00ed v p\u0159\u00edrod\u011b Ka\u017ed\u00fd kdo si p\u0159eje m\u00edt vlastn\u00ed obydl\u00ed, tak by si jej m\u011bl po\u0159\u00eddit. Je to n\u011bco \u00fapln\u011b jin\u00e9ho, ne\u017e bydlen\u00ed v bytech. Pokud tou\u017e\u00edte po vlastn\u00edm obydl\u00ed se zahradou tak jste zde rozhodn\u011b spr\u00e1vn\u011b. M\u00e1te \u00fatuln\u00fd domov p\u0159\u00edmo v p\u0159\u00edrod\u011b. M\u016f\u017ee m\u00edt mnoho r\u016fzn\u00fdch podob. Vybrat si m\u016f\u017eete z opravdu \u0161irok\u00e9 \u0161k\u00e1ly r\u016fzn\u00fdch druh\u016f a typ\u016f. Existuj\u00ed v\u011bt\u0161\u00ed \u010di men\u0161\u00ed, ale na u\u017e\u00edv\u00e1n\u00ed ka\u017ed\u00fd den po cel\u00fd rok budete z\u0159ejm\u011b cht\u00edt u\u017e po\u0159\u00e1dn\u00e9 obydl\u00ed.2. Skv\u011bl\u00e1 je vlastnost mobility. V p\u0159\u00edpad\u011b pot\u0159eby sv\u00e9 obydl\u00ed m\u016f\u017eete nechat p\u0159est\u011bhovat. D\u00edky tomu m\u016f\u017eete v p\u0159\u00edpad\u011b z\u00e1jmu nechat sv\u016fj d\u016fm p\u0159est\u011bhovat. Bez probl\u00e9m\u016f v\u00e1m za\u0159\u00edd\u00edme odvoz a dovoz na nov\u00e9 m\u00edsto ur\u010den\u00ed. Mobilita je v tomto ohledu velice cen\u011bn\u00e1, proto\u017ee nikdy nev\u00edte, co v\u00e1s m\u016f\u017ee potkat. St\u00e1\u017e nebo pracovn\u00ed p\u0159\u00edle\u017eitost v zahrani\u010d\u00ed, ani tam nen\u00ed probl\u00e9m v\u00e1\u0161 d\u016fm dostat.                                                                                                                                                                                                                                                                                                                                                                                          4.3\/5 - (6 votes)        "},{"@context":"https:\/\/schema.org\/","@type":"BreadcrumbList","itemListElement":[{"@type":"ListItem","position":1,"name":"Mal\u00fd a praktick\u00fd dome\u010dek jako mal\u00fd byte\u010dek","item":"https:\/\/www.jamfolk.cz\/maly-a-prakticky-domecek-jako-maly-bytecek\/#breadcrumbitem"}]}]