[{"@context":"https:\/\/schema.org\/","@type":"Article","@id":"https:\/\/www.jamfolk.cz\/novy-kabat\/#Article","mainEntityOfPage":"https:\/\/www.jamfolk.cz\/novy-kabat\/","headline":"Nov\u00fd kab\u00e1t","name":"Nov\u00fd kab\u00e1t","description":"V\u00e1\u0161 spole\u010densk\u00fd prostor za \u010das dozn\u00e1 ur\u010dit\u00e9 zm\u011bny. Po prodeji star\u00e9 n\u00e1bytkov\u00e9 sestavy z t\u011b\u017ek\u00e9ho d\u0159eva popt\u00e1v\u00e1te mladistvou sestavu sk\u0159\u00edn\u011bk, kter\u00e9 m\u00e1te ji\u017e striktn\u011b vybr\u00e1ny. Z\u00e1kladn\u00edm prvkem...","datePublished":"2025-04-25","dateModified":"2025-04-25","author":{"@type":"Person","@id":"https:\/\/www.jamfolk.cz\/author\/#Person","name":"","url":"https:\/\/www.jamfolk.cz\/author\/","identifier":1,"image":{"@type":"ImageObject","@id":"https:\/\/secure.gravatar.com\/avatar\/82449f5dd313bdc88befc1a2d3138ce45c5e7d5eeee84221e3cf7fbc184b80d3?s=96&d=mm&r=g","url":"https:\/\/secure.gravatar.com\/avatar\/82449f5dd313bdc88befc1a2d3138ce45c5e7d5eeee84221e3cf7fbc184b80d3?s=96&d=mm&r=g","height":96,"width":96}},"publisher":{"@type":"Organization","name":"jamfolk.cz","logo":{"@type":"ImageObject","@id":"\/logo.png","url":"\/logo.png","width":600,"height":60}},"url":"https:\/\/www.jamfolk.cz\/novy-kabat\/","wordCount":176,"articleBody":"V\u00e1\u0161 spole\u010densk\u00fd prostor za \u010das dozn\u00e1 ur\u010dit\u00e9 zm\u011bny. Po prodeji star\u00e9 n\u00e1bytkov\u00e9 sestavy z t\u011b\u017ek\u00e9ho d\u0159eva popt\u00e1v\u00e1te mladistvou sestavu sk\u0159\u00edn\u011bk, kter\u00e9 m\u00e1te ji\u017e striktn\u011b vybr\u00e1ny. Z\u00e1kladn\u00edm prvkem bude sk\u0159\u00ed\u0148ka pod televizi, knihovna, sk\u0159\u00ed\u0148ka na zav\u011b\u0161en\u00ed pro porcel\u00e1n a sklo. Chyb\u011bt nesm\u00ed samoz\u0159ejm\u011b komoda pro lo\u017en\u00ed a ru\u010dn\u00edky, ale i police na zaj\u00edmav\u00e9 dekorace z cest. Ob\u00fdvac\u00ed st\u011bny d\u011blen\u00e9 versus v celku? To\u0165 dilema. Na spl\u00e1tky V\u00e1h\u00e1te-li nad vybran\u00fdm n\u00e1bytkem jenom z hlediska jeho vy\u0161\u0161\u00ed ceny, nenechte se odradit ani na malou chv\u00edli. M\u00e1te jist\u011b dost dobr\u00e9 d\u016fvody koupit si pr\u00e1v\u011b tento model ob\u00fdvac\u00ed st\u011bny, a ne jin\u00fd. V p\u0159\u00edpad\u011b nedostatku finan\u010dn\u00edho kryt\u00ed vyu\u017eijte n\u00e1kupu na spl\u00e1tky, kter\u00fd ji\u017e d\u00e1vno vyu\u017e\u00edv\u00e1 mnoho klient\u016f. D\u00edky zvolen\u00e9mu spl\u00e1tkov\u00e9mu kalend\u00e1\u0159i m\u00e1te \u0161anci i na dra\u017e\u0161\u00ed n\u00e1bytek.                                                                                                                                                                                                                                                                                                                                                                                                "},{"@context":"https:\/\/schema.org\/","@type":"BreadcrumbList","itemListElement":[{"@type":"ListItem","position":1,"name":"Nov\u00fd kab\u00e1t","item":"https:\/\/www.jamfolk.cz\/novy-kabat\/#breadcrumbitem"}]}]