[{"@context":"https:\/\/schema.org\/","@type":"Blog","@id":"https:\/\/www.jamfolk.cz#Blog","headline":"Jamfolk","description":"\nHled\u00e1te novou mo\u017enost sebeprezentace, jen\u017ee st\u00e1le ne a ne nal\u00e9zt tu pravou? Nev\u00edte, kde se je\u0161t\u011b po n\u011bjak\u00e9 poptat? Zav\u00edtejte na n\u00e1\u0161 web, porad\u00edme v\u00e1m s t\u00edm.","url":"https:\/\/www.jamfolk.cz","hasPart":[{"@type":"Article","@id":"https:\/\/www.jamfolk.cz\/pestujeme-a-rozmnozujeme-ananas\/","headline":"P\u011bstujeme a rozmno\u017eujeme ananas","url":"https:\/\/www.jamfolk.cz\/pestujeme-a-rozmnozujeme-ananas\/","datePublished":"2024-10-03","dateModified":"2024-10-03","mainEntityOfPage":"https:\/\/www.jamfolk.cz\/pestujeme-a-rozmnozujeme-ananas\/","author":{"@type":"Person","@id":"https:\/\/www.jamfolk.cz\/author\/#Person","name":"","url":"https:\/\/www.jamfolk.cz\/author\/","identifier":1,"image":{"@type":"ImageObject","@id":"https:\/\/secure.gravatar.com\/avatar\/82449f5dd313bdc88befc1a2d3138ce45c5e7d5eeee84221e3cf7fbc184b80d3?s=96&d=mm&r=g","url":"https:\/\/secure.gravatar.com\/avatar\/82449f5dd313bdc88befc1a2d3138ce45c5e7d5eeee84221e3cf7fbc184b80d3?s=96&d=mm&r=g","height":96,"width":96}},"publisher":{"@type":"Organization","name":"jamfolk.cz","logo":{"@type":"ImageObject","@id":"\/logo.png","url":"\/logo.png","width":600,"height":60}},"image":{"@type":"ImageObject","@id":"https:\/\/www.jamfolk.cz\/wp-content\/uploads\/img_a307505_w2430_t1518730605.jpg","url":"https:\/\/www.jamfolk.cz\/wp-content\/uploads\/img_a307505_w2430_t1518730605.jpg","height":0,"width":0},"wordCount":715,"keywords":null},{"@type":"Article","@id":"https:\/\/www.jamfolk.cz\/na-vylet-za-hrady\/","headline":"Na v\u00fdlet za hrady","url":"https:\/\/www.jamfolk.cz\/na-vylet-za-hrady\/","datePublished":"2024-06-29","dateModified":"2024-06-29","mainEntityOfPage":"https:\/\/www.jamfolk.cz\/na-vylet-za-hrady\/","author":{"@type":"Person","@id":"https:\/\/www.jamfolk.cz\/author\/#Person","name":"","url":"https:\/\/www.jamfolk.cz\/author\/","identifier":1,"image":{"@type":"ImageObject","@id":"https:\/\/secure.gravatar.com\/avatar\/82449f5dd313bdc88befc1a2d3138ce45c5e7d5eeee84221e3cf7fbc184b80d3?s=96&d=mm&r=g","url":"https:\/\/secure.gravatar.com\/avatar\/82449f5dd313bdc88befc1a2d3138ce45c5e7d5eeee84221e3cf7fbc184b80d3?s=96&d=mm&r=g","height":96,"width":96}},"publisher":{"@type":"Organization","name":"jamfolk.cz","logo":{"@type":"ImageObject","@id":"\/logo.png","url":"\/logo.png","width":600,"height":60}},"image":{"@type":"ImageObject","@id":"https:\/\/www.jamfolk.cz\/wp-content\/uploads\/vianden-1137019_640.jpg","url":"https:\/\/www.jamfolk.cz\/wp-content\/uploads\/vianden-1137019_640.jpg","height":0,"width":0},"wordCount":608,"keywords":null},{"@type":"Article","@id":"https:\/\/www.jamfolk.cz\/stehujeme-se-v-lete-z-jednoho-konce-prahy-na-druhy\/","headline":"St\u011bhujeme se v l\u00e9t\u011b z jednoho konce Prahy na druh\u00fd","url":"https:\/\/www.jamfolk.cz\/stehujeme-se-v-lete-z-jednoho-konce-prahy-na-druhy\/","datePublished":"2024-06-11","dateModified":"2024-06-11","mainEntityOfPage":"https:\/\/www.jamfolk.cz\/stehujeme-se-v-lete-z-jednoho-konce-prahy-na-druhy\/","author":{"@type":"Person","@id":"https:\/\/www.jamfolk.cz\/author\/#Person","name":"","url":"https:\/\/www.jamfolk.cz\/author\/","identifier":1,"image":{"@type":"ImageObject","@id":"https:\/\/secure.gravatar.com\/avatar\/82449f5dd313bdc88befc1a2d3138ce45c5e7d5eeee84221e3cf7fbc184b80d3?s=96&d=mm&r=g","url":"https:\/\/secure.gravatar.com\/avatar\/82449f5dd313bdc88befc1a2d3138ce45c5e7d5eeee84221e3cf7fbc184b80d3?s=96&d=mm&r=g","height":96,"width":96}},"publisher":{"@type":"Organization","name":"jamfolk.cz","logo":{"@type":"ImageObject","@id":"\/logo.png","url":"\/logo.png","width":600,"height":60}},"image":{"@type":"ImageObject","@id":"https:\/\/www.jamfolk.cz\/wp-content\/uploads\/cardboard-boxes-3126552_640_4.jpg","url":"https:\/\/www.jamfolk.cz\/wp-content\/uploads\/cardboard-boxes-3126552_640_4.jpg","height":0,"width":0},"wordCount":631,"keywords":null},{"@type":"Article","@id":"https:\/\/www.jamfolk.cz\/mate-problemy-s-cizimi-jazyky\/","headline":"M\u00e1te probl\u00e9my s ciz\u00edmi jazyky?","url":"https:\/\/www.jamfolk.cz\/mate-problemy-s-cizimi-jazyky\/","datePublished":"2024-04-30","dateModified":"2024-04-30","mainEntityOfPage":"https:\/\/www.jamfolk.cz\/mate-problemy-s-cizimi-jazyky\/","author":{"@type":"Person","@id":"https:\/\/www.jamfolk.cz\/author\/#Person","name":"","url":"https:\/\/www.jamfolk.cz\/author\/","identifier":1,"image":{"@type":"ImageObject","@id":"https:\/\/secure.gravatar.com\/avatar\/82449f5dd313bdc88befc1a2d3138ce45c5e7d5eeee84221e3cf7fbc184b80d3?s=96&d=mm&r=g","url":"https:\/\/secure.gravatar.com\/avatar\/82449f5dd313bdc88befc1a2d3138ce45c5e7d5eeee84221e3cf7fbc184b80d3?s=96&d=mm&r=g","height":96,"width":96}},"publisher":{"@type":"Organization","name":"jamfolk.cz","logo":{"@type":"ImageObject","@id":"\/logo.png","url":"\/logo.png","width":600,"height":60}},"image":null,"wordCount":288,"keywords":null},{"@type":"Article","@id":"https:\/\/www.jamfolk.cz\/s-firmou-jako-je-ta-nase-budete-radi-spolupracovat\/","headline":"S firmou, jako je ta na\u0161e, budete r\u00e1di spolupracovat","url":"https:\/\/www.jamfolk.cz\/s-firmou-jako-je-ta-nase-budete-radi-spolupracovat\/","datePublished":"2024-04-26","dateModified":"2024-04-26","mainEntityOfPage":"https:\/\/www.jamfolk.cz\/s-firmou-jako-je-ta-nase-budete-radi-spolupracovat\/","author":{"@type":"Person","@id":"https:\/\/www.jamfolk.cz\/author\/#Person","name":"","url":"https:\/\/www.jamfolk.cz\/author\/","identifier":1,"image":{"@type":"ImageObject","@id":"https:\/\/secure.gravatar.com\/avatar\/82449f5dd313bdc88befc1a2d3138ce45c5e7d5eeee84221e3cf7fbc184b80d3?s=96&d=mm&r=g","url":"https:\/\/secure.gravatar.com\/avatar\/82449f5dd313bdc88befc1a2d3138ce45c5e7d5eeee84221e3cf7fbc184b80d3?s=96&d=mm&r=g","height":96,"width":96}},"publisher":{"@type":"Organization","name":"jamfolk.cz","logo":{"@type":"ImageObject","@id":"\/logo.png","url":"\/logo.png","width":600,"height":60}},"image":null,"wordCount":240,"keywords":null},{"@type":"Article","@id":"https:\/\/www.jamfolk.cz\/moznosti-mate-spoustu\/","headline":"Mo\u017enost\u00ed m\u00e1te spoustu","url":"https:\/\/www.jamfolk.cz\/moznosti-mate-spoustu\/","datePublished":"2024-04-20","dateModified":"2024-04-20","mainEntityOfPage":"https:\/\/www.jamfolk.cz\/moznosti-mate-spoustu\/","author":{"@type":"Person","@id":"https:\/\/www.jamfolk.cz\/author\/#Person","name":"","url":"https:\/\/www.jamfolk.cz\/author\/","identifier":1,"image":{"@type":"ImageObject","@id":"https:\/\/secure.gravatar.com\/avatar\/82449f5dd313bdc88befc1a2d3138ce45c5e7d5eeee84221e3cf7fbc184b80d3?s=96&d=mm&r=g","url":"https:\/\/secure.gravatar.com\/avatar\/82449f5dd313bdc88befc1a2d3138ce45c5e7d5eeee84221e3cf7fbc184b80d3?s=96&d=mm&r=g","height":96,"width":96}},"publisher":{"@type":"Organization","name":"jamfolk.cz","logo":{"@type":"ImageObject","@id":"\/logo.png","url":"\/logo.png","width":600,"height":60}},"image":null,"wordCount":282,"keywords":null},{"@type":"Article","@id":"https:\/\/www.jamfolk.cz\/dum-snu\/","headline":"D\u016fm sn\u016f","url":"https:\/\/www.jamfolk.cz\/dum-snu\/","datePublished":"2024-04-12","dateModified":"2024-04-12","mainEntityOfPage":"https:\/\/www.jamfolk.cz\/dum-snu\/","author":{"@type":"Person","@id":"https:\/\/www.jamfolk.cz\/author\/#Person","name":"","url":"https:\/\/www.jamfolk.cz\/author\/","identifier":1,"image":{"@type":"ImageObject","@id":"https:\/\/secure.gravatar.com\/avatar\/82449f5dd313bdc88befc1a2d3138ce45c5e7d5eeee84221e3cf7fbc184b80d3?s=96&d=mm&r=g","url":"https:\/\/secure.gravatar.com\/avatar\/82449f5dd313bdc88befc1a2d3138ce45c5e7d5eeee84221e3cf7fbc184b80d3?s=96&d=mm&r=g","height":96,"width":96}},"publisher":{"@type":"Organization","name":"jamfolk.cz","logo":{"@type":"ImageObject","@id":"\/logo.png","url":"\/logo.png","width":600,"height":60}},"image":null,"wordCount":341,"keywords":null},{"@type":"Article","@id":"https:\/\/www.jamfolk.cz\/lepe-a-komfortneji-to-u-nas-znamena-evidentne-vykonneji\/","headline":"L\u00e9pe a komfortn\u011bji? To u n\u00e1s znamen\u00e1 evidentn\u011b v\u00fdkonn\u011bji\u2026","url":"https:\/\/www.jamfolk.cz\/lepe-a-komfortneji-to-u-nas-znamena-evidentne-vykonneji\/","datePublished":"2024-04-07","dateModified":"2024-04-07","mainEntityOfPage":"https:\/\/www.jamfolk.cz\/lepe-a-komfortneji-to-u-nas-znamena-evidentne-vykonneji\/","author":{"@type":"Person","@id":"https:\/\/www.jamfolk.cz\/author\/#Person","name":"","url":"https:\/\/www.jamfolk.cz\/author\/","identifier":1,"image":{"@type":"ImageObject","@id":"https:\/\/secure.gravatar.com\/avatar\/82449f5dd313bdc88befc1a2d3138ce45c5e7d5eeee84221e3cf7fbc184b80d3?s=96&d=mm&r=g","url":"https:\/\/secure.gravatar.com\/avatar\/82449f5dd313bdc88befc1a2d3138ce45c5e7d5eeee84221e3cf7fbc184b80d3?s=96&d=mm&r=g","height":96,"width":96}},"publisher":{"@type":"Organization","name":"jamfolk.cz","logo":{"@type":"ImageObject","@id":"\/logo.png","url":"\/logo.png","width":600,"height":60}},"image":null,"wordCount":252,"keywords":null},{"@type":"Article","@id":"https:\/\/www.jamfolk.cz\/prenaseni-tezkych-veci\/","headline":"P\u0159en\u00e1\u0161en\u00ed t\u011b\u017ek\u00fdch v\u011bc\u00ed","url":"https:\/\/www.jamfolk.cz\/prenaseni-tezkych-veci\/","datePublished":"2024-03-31","dateModified":"2024-03-31","mainEntityOfPage":"https:\/\/www.jamfolk.cz\/prenaseni-tezkych-veci\/","author":{"@type":"Person","@id":"https:\/\/www.jamfolk.cz\/author\/#Person","name":"","url":"https:\/\/www.jamfolk.cz\/author\/","identifier":1,"image":{"@type":"ImageObject","@id":"https:\/\/secure.gravatar.com\/avatar\/82449f5dd313bdc88befc1a2d3138ce45c5e7d5eeee84221e3cf7fbc184b80d3?s=96&d=mm&r=g","url":"https:\/\/secure.gravatar.com\/avatar\/82449f5dd313bdc88befc1a2d3138ce45c5e7d5eeee84221e3cf7fbc184b80d3?s=96&d=mm&r=g","height":96,"width":96}},"publisher":{"@type":"Organization","name":"jamfolk.cz","logo":{"@type":"ImageObject","@id":"\/logo.png","url":"\/logo.png","width":600,"height":60}},"image":null,"wordCount":273,"keywords":null},{"@type":"Article","@id":"https:\/\/www.jamfolk.cz\/lecebny-efekt-rostlin\/","headline":"L\u00e9\u010debn\u00fd efekt rostlin","url":"https:\/\/www.jamfolk.cz\/lecebny-efekt-rostlin\/","datePublished":"2024-02-13","dateModified":"2024-02-13","mainEntityOfPage":"https:\/\/www.jamfolk.cz\/lecebny-efekt-rostlin\/","author":{"@type":"Person","@id":"https:\/\/www.jamfolk.cz\/author\/#Person","name":"","url":"https:\/\/www.jamfolk.cz\/author\/","identifier":1,"image":{"@type":"ImageObject","@id":"https:\/\/secure.gravatar.com\/avatar\/82449f5dd313bdc88befc1a2d3138ce45c5e7d5eeee84221e3cf7fbc184b80d3?s=96&d=mm&r=g","url":"https:\/\/secure.gravatar.com\/avatar\/82449f5dd313bdc88befc1a2d3138ce45c5e7d5eeee84221e3cf7fbc184b80d3?s=96&d=mm&r=g","height":96,"width":96}},"publisher":{"@type":"Organization","name":"jamfolk.cz","logo":{"@type":"ImageObject","@id":"\/logo.png","url":"\/logo.png","width":600,"height":60}},"image":{"@type":"ImageObject","@id":"https:\/\/www.jamfolk.cz\/wp-content\/uploads\/tea-2356764_640_10_7.jpg","url":"https:\/\/www.jamfolk.cz\/wp-content\/uploads\/tea-2356764_640_10_7.jpg","height":0,"width":0},"wordCount":534,"keywords":null}]},{"@context":"https:\/\/schema.org","@type":"WebSite","@id":"https:\/\/www.jamfolk.cz\/#website","name":"Jamfolk","url":"https:\/\/www.jamfolk.cz","potentialAction":{"@type":"SearchAction","target":"https:\/\/www.jamfolk.cz\/?s={search_term_string}","query-input":"required name=search_term_string"}}]