[{"@context":"https:\/\/schema.org\/","@type":"Blog","@id":"https:\/\/www.jamfolk.cz#Blog","headline":"Jamfolk","description":"\nHled\u00e1te novou mo\u017enost sebeprezentace, jen\u017ee st\u00e1le ne a ne nal\u00e9zt tu pravou? Nev\u00edte, kde se je\u0161t\u011b po n\u011bjak\u00e9 poptat? Zav\u00edtejte na n\u00e1\u0161 web, porad\u00edme v\u00e1m s t\u00edm.","url":"https:\/\/www.jamfolk.cz","hasPart":[{"@type":"Article","@id":"https:\/\/www.jamfolk.cz\/folie-maji-budoucnost\/","headline":"F\u00f3lie maj\u00ed budoucnost","url":"https:\/\/www.jamfolk.cz\/folie-maji-budoucnost\/","datePublished":"2024-01-04","dateModified":"2024-01-04","mainEntityOfPage":"https:\/\/www.jamfolk.cz\/folie-maji-budoucnost\/","author":{"@type":"Person","@id":"https:\/\/www.jamfolk.cz\/author\/#Person","name":"","url":"https:\/\/www.jamfolk.cz\/author\/","identifier":1,"image":{"@type":"ImageObject","@id":"https:\/\/secure.gravatar.com\/avatar\/82449f5dd313bdc88befc1a2d3138ce45c5e7d5eeee84221e3cf7fbc184b80d3?s=96&d=mm&r=g","url":"https:\/\/secure.gravatar.com\/avatar\/82449f5dd313bdc88befc1a2d3138ce45c5e7d5eeee84221e3cf7fbc184b80d3?s=96&d=mm&r=g","height":96,"width":96}},"publisher":{"@type":"Organization","name":"jamfolk.cz","logo":{"@type":"ImageObject","@id":"\/logo.png","url":"\/logo.png","width":600,"height":60}},"image":null,"wordCount":283,"keywords":null},{"@type":"Article","@id":"https:\/\/www.jamfolk.cz\/vyprdnete-se-na-komercni-obchody\/","headline":"Vyprdn\u011bte se na komer\u010dn\u00ed obchody","url":"https:\/\/www.jamfolk.cz\/vyprdnete-se-na-komercni-obchody\/","datePublished":"2023-12-17","dateModified":"2024-02-01","mainEntityOfPage":"https:\/\/www.jamfolk.cz\/vyprdnete-se-na-komercni-obchody\/","author":{"@type":"Person","@id":"https:\/\/www.jamfolk.cz\/author\/#Person","name":"","url":"https:\/\/www.jamfolk.cz\/author\/","identifier":1,"image":{"@type":"ImageObject","@id":"https:\/\/secure.gravatar.com\/avatar\/82449f5dd313bdc88befc1a2d3138ce45c5e7d5eeee84221e3cf7fbc184b80d3?s=96&d=mm&r=g","url":"https:\/\/secure.gravatar.com\/avatar\/82449f5dd313bdc88befc1a2d3138ce45c5e7d5eeee84221e3cf7fbc184b80d3?s=96&d=mm&r=g","height":96,"width":96}},"publisher":{"@type":"Organization","name":"jamfolk.cz","logo":{"@type":"ImageObject","@id":"\/logo.png","url":"\/logo.png","width":600,"height":60}},"image":{"@type":"ImageObject","@id":"https:\/\/www.jamfolk.cz\/wp-content\/uploads\/modni_1.jpg","url":"https:\/\/www.jamfolk.cz\/wp-content\/uploads\/modni_1.jpg","height":0,"width":0},"wordCount":516,"keywords":null},{"@type":"Article","@id":"https:\/\/www.jamfolk.cz\/zacit-vyuzivat-solarni-energii-je-velmi-chytre\/","headline":"Za\u010d\u00edt vyu\u017e\u00edvat sol\u00e1rn\u00ed energii je velmi chytr\u00e9","url":"https:\/\/www.jamfolk.cz\/zacit-vyuzivat-solarni-energii-je-velmi-chytre\/","datePublished":"2023-11-28","dateModified":"2023-11-28","mainEntityOfPage":"https:\/\/www.jamfolk.cz\/zacit-vyuzivat-solarni-energii-je-velmi-chytre\/","author":{"@type":"Person","@id":"https:\/\/www.jamfolk.cz\/author\/#Person","name":"","url":"https:\/\/www.jamfolk.cz\/author\/","identifier":1,"image":{"@type":"ImageObject","@id":"https:\/\/secure.gravatar.com\/avatar\/82449f5dd313bdc88befc1a2d3138ce45c5e7d5eeee84221e3cf7fbc184b80d3?s=96&d=mm&r=g","url":"https:\/\/secure.gravatar.com\/avatar\/82449f5dd313bdc88befc1a2d3138ce45c5e7d5eeee84221e3cf7fbc184b80d3?s=96&d=mm&r=g","height":96,"width":96}},"publisher":{"@type":"Organization","name":"jamfolk.cz","logo":{"@type":"ImageObject","@id":"\/logo.png","url":"\/logo.png","width":600,"height":60}},"image":null,"wordCount":260,"keywords":null},{"@type":"Article","@id":"https:\/\/www.jamfolk.cz\/zivotnost-nase-mobilniho-telefonu\/","headline":"\u017divotnost na\u0161e mobiln\u00edho telefonu","url":"https:\/\/www.jamfolk.cz\/zivotnost-nase-mobilniho-telefonu\/","datePublished":"2023-10-23","dateModified":"2023-10-23","mainEntityOfPage":"https:\/\/www.jamfolk.cz\/zivotnost-nase-mobilniho-telefonu\/","author":{"@type":"Person","@id":"https:\/\/www.jamfolk.cz\/author\/#Person","name":"","url":"https:\/\/www.jamfolk.cz\/author\/","identifier":1,"image":{"@type":"ImageObject","@id":"https:\/\/secure.gravatar.com\/avatar\/82449f5dd313bdc88befc1a2d3138ce45c5e7d5eeee84221e3cf7fbc184b80d3?s=96&d=mm&r=g","url":"https:\/\/secure.gravatar.com\/avatar\/82449f5dd313bdc88befc1a2d3138ce45c5e7d5eeee84221e3cf7fbc184b80d3?s=96&d=mm&r=g","height":96,"width":96}},"publisher":{"@type":"Organization","name":"jamfolk.cz","logo":{"@type":"ImageObject","@id":"\/logo.png","url":"\/logo.png","width":600,"height":60}},"image":{"@type":"ImageObject","@id":"https:\/\/www.jamfolk.cz\/wp-content\/uploads\/iphone-410324_640_2.jpg","url":"https:\/\/www.jamfolk.cz\/wp-content\/uploads\/iphone-410324_640_2.jpg","height":0,"width":0},"wordCount":513,"keywords":null},{"@type":"Article","@id":"https:\/\/www.jamfolk.cz\/objednejte-si-jakekoli-stavebni-prace-od-nejlepsich\/","headline":"Objednejte si jak\u00e9koli stavebn\u00ed pr\u00e1ce od nejlep\u0161\u00edch","url":"https:\/\/www.jamfolk.cz\/objednejte-si-jakekoli-stavebni-prace-od-nejlepsich\/","datePublished":"2023-10-23","dateModified":"2023-10-23","mainEntityOfPage":"https:\/\/www.jamfolk.cz\/objednejte-si-jakekoli-stavebni-prace-od-nejlepsich\/","author":{"@type":"Person","@id":"https:\/\/www.jamfolk.cz\/author\/#Person","name":"","url":"https:\/\/www.jamfolk.cz\/author\/","identifier":1,"image":{"@type":"ImageObject","@id":"https:\/\/secure.gravatar.com\/avatar\/82449f5dd313bdc88befc1a2d3138ce45c5e7d5eeee84221e3cf7fbc184b80d3?s=96&d=mm&r=g","url":"https:\/\/secure.gravatar.com\/avatar\/82449f5dd313bdc88befc1a2d3138ce45c5e7d5eeee84221e3cf7fbc184b80d3?s=96&d=mm&r=g","height":96,"width":96}},"publisher":{"@type":"Organization","name":"jamfolk.cz","logo":{"@type":"ImageObject","@id":"\/logo.png","url":"\/logo.png","width":600,"height":60}},"image":null,"wordCount":260,"keywords":null},{"@type":"Article","@id":"https:\/\/www.jamfolk.cz\/sex-si-lze-udrzet\/","headline":"Sex si lze udr\u017eet","url":"https:\/\/www.jamfolk.cz\/sex-si-lze-udrzet\/","datePublished":"2023-09-20","dateModified":"2024-05-28","mainEntityOfPage":"https:\/\/www.jamfolk.cz\/sex-si-lze-udrzet\/","author":{"@type":"Person","@id":"https:\/\/www.jamfolk.cz\/author\/#Person","name":"","url":"https:\/\/www.jamfolk.cz\/author\/","identifier":1,"image":{"@type":"ImageObject","@id":"https:\/\/secure.gravatar.com\/avatar\/82449f5dd313bdc88befc1a2d3138ce45c5e7d5eeee84221e3cf7fbc184b80d3?s=96&d=mm&r=g","url":"https:\/\/secure.gravatar.com\/avatar\/82449f5dd313bdc88befc1a2d3138ce45c5e7d5eeee84221e3cf7fbc184b80d3?s=96&d=mm&r=g","height":96,"width":96}},"publisher":{"@type":"Organization","name":"jamfolk.cz","logo":{"@type":"ImageObject","@id":"\/logo.png","url":"\/logo.png","width":600,"height":60}},"image":{"@type":"ImageObject","@id":"https:\/\/www.jamfolk.cz\/wp-content\/uploads\/eeeeeeeeeeeeeeeeeeeeeeeeeeeee_3.jpg","url":"https:\/\/www.jamfolk.cz\/wp-content\/uploads\/eeeeeeeeeeeeeeeeeeeeeeeeeeeee_3.jpg","height":0,"width":0},"wordCount":605,"keywords":null},{"@type":"Article","@id":"https:\/\/www.jamfolk.cz\/pozadejte-o-psychickou-podporu-pred-odchodem-k-zubari\/","headline":"Po\u017e\u00e1dejte o psychickou podporu p\u0159ed odchodem k zuba\u0159i","url":"https:\/\/www.jamfolk.cz\/pozadejte-o-psychickou-podporu-pred-odchodem-k-zubari\/","datePublished":"2023-09-20","dateModified":"2023-09-20","mainEntityOfPage":"https:\/\/www.jamfolk.cz\/pozadejte-o-psychickou-podporu-pred-odchodem-k-zubari\/","author":{"@type":"Person","@id":"https:\/\/www.jamfolk.cz\/author\/#Person","name":"","url":"https:\/\/www.jamfolk.cz\/author\/","identifier":1,"image":{"@type":"ImageObject","@id":"https:\/\/secure.gravatar.com\/avatar\/82449f5dd313bdc88befc1a2d3138ce45c5e7d5eeee84221e3cf7fbc184b80d3?s=96&d=mm&r=g","url":"https:\/\/secure.gravatar.com\/avatar\/82449f5dd313bdc88befc1a2d3138ce45c5e7d5eeee84221e3cf7fbc184b80d3?s=96&d=mm&r=g","height":96,"width":96}},"publisher":{"@type":"Organization","name":"jamfolk.cz","logo":{"@type":"ImageObject","@id":"\/logo.png","url":"\/logo.png","width":600,"height":60}},"image":{"@type":"ImageObject","@id":"https:\/\/www.jamfolk.cz\/wp-content\/uploads\/teeth-5536858_640_1.jpg","url":"https:\/\/www.jamfolk.cz\/wp-content\/uploads\/teeth-5536858_640_1.jpg","height":0,"width":0},"wordCount":694,"keywords":null},{"@type":"Article","@id":"https:\/\/www.jamfolk.cz\/konecne-klidny-spanek\/","headline":"Kone\u010dn\u011b klidn\u00fd sp\u00e1nek","url":"https:\/\/www.jamfolk.cz\/konecne-klidny-spanek\/","datePublished":"2023-09-13","dateModified":"2023-09-13","mainEntityOfPage":"https:\/\/www.jamfolk.cz\/konecne-klidny-spanek\/","author":{"@type":"Person","@id":"https:\/\/www.jamfolk.cz\/author\/#Person","name":"","url":"https:\/\/www.jamfolk.cz\/author\/","identifier":1,"image":{"@type":"ImageObject","@id":"https:\/\/secure.gravatar.com\/avatar\/82449f5dd313bdc88befc1a2d3138ce45c5e7d5eeee84221e3cf7fbc184b80d3?s=96&d=mm&r=g","url":"https:\/\/secure.gravatar.com\/avatar\/82449f5dd313bdc88befc1a2d3138ce45c5e7d5eeee84221e3cf7fbc184b80d3?s=96&d=mm&r=g","height":96,"width":96}},"publisher":{"@type":"Organization","name":"jamfolk.cz","logo":{"@type":"ImageObject","@id":"\/logo.png","url":"\/logo.png","width":600,"height":60}},"image":null,"wordCount":277,"keywords":null},{"@type":"Article","@id":"https:\/\/www.jamfolk.cz\/dane-nemusi-byt-slozite\/","headline":"Dan\u011b nemus\u00ed b\u00fdt slo\u017eit\u00e9","url":"https:\/\/www.jamfolk.cz\/dane-nemusi-byt-slozite\/","datePublished":"2023-08-06","dateModified":"2023-08-06","mainEntityOfPage":"https:\/\/www.jamfolk.cz\/dane-nemusi-byt-slozite\/","author":{"@type":"Person","@id":"https:\/\/www.jamfolk.cz\/author\/#Person","name":"","url":"https:\/\/www.jamfolk.cz\/author\/","identifier":1,"image":{"@type":"ImageObject","@id":"https:\/\/secure.gravatar.com\/avatar\/82449f5dd313bdc88befc1a2d3138ce45c5e7d5eeee84221e3cf7fbc184b80d3?s=96&d=mm&r=g","url":"https:\/\/secure.gravatar.com\/avatar\/82449f5dd313bdc88befc1a2d3138ce45c5e7d5eeee84221e3cf7fbc184b80d3?s=96&d=mm&r=g","height":96,"width":96}},"publisher":{"@type":"Organization","name":"jamfolk.cz","logo":{"@type":"ImageObject","@id":"\/logo.png","url":"\/logo.png","width":600,"height":60}},"image":null,"wordCount":287,"keywords":null},{"@type":"Article","@id":"https:\/\/www.jamfolk.cz\/vybirate-firmu-na-stavbu-domu\/","headline":"Vyb\u00edr\u00e1te firmu na stavbu domu?","url":"https:\/\/www.jamfolk.cz\/vybirate-firmu-na-stavbu-domu\/","datePublished":"2023-07-15","dateModified":"2023-10-06","mainEntityOfPage":"https:\/\/www.jamfolk.cz\/vybirate-firmu-na-stavbu-domu\/","author":{"@type":"Person","@id":"https:\/\/www.jamfolk.cz\/author\/#Person","name":"","url":"https:\/\/www.jamfolk.cz\/author\/","identifier":1,"image":{"@type":"ImageObject","@id":"https:\/\/secure.gravatar.com\/avatar\/82449f5dd313bdc88befc1a2d3138ce45c5e7d5eeee84221e3cf7fbc184b80d3?s=96&d=mm&r=g","url":"https:\/\/secure.gravatar.com\/avatar\/82449f5dd313bdc88befc1a2d3138ce45c5e7d5eeee84221e3cf7fbc184b80d3?s=96&d=mm&r=g","height":96,"width":96}},"publisher":{"@type":"Organization","name":"jamfolk.cz","logo":{"@type":"ImageObject","@id":"\/logo.png","url":"\/logo.png","width":600,"height":60}},"image":{"@type":"ImageObject","@id":"https:\/\/www.jamfolk.cz\/wp-content\/uploads\/new-home-g31d96a107_640_10_10_2.jpg","url":"https:\/\/www.jamfolk.cz\/wp-content\/uploads\/new-home-g31d96a107_640_10_10_2.jpg","height":0,"width":0},"wordCount":506,"keywords":null}]},{"@context":"https:\/\/schema.org","@type":"WebSite","@id":"https:\/\/www.jamfolk.cz\/#website","name":"Jamfolk","url":"https:\/\/www.jamfolk.cz","potentialAction":{"@type":"SearchAction","target":"https:\/\/www.jamfolk.cz\/?s={search_term_string}","query-input":"required name=search_term_string"}}]